{"id":4955,"date":"2025-10-17T20:37:39","date_gmt":"2025-10-17T23:37:39","guid":{"rendered":"https:\/\/rehabitare.direito.ufmg.br\/?p=4955"},"modified":"2025-10-17T20:39:10","modified_gmt":"2025-10-17T23:39:10","slug":"governo-lanca-novo-modelo-de-credito-imobiliario","status":"publish","type":"post","link":"https:\/\/rehabitare.direito.ufmg.br\/?p=4955","title":{"rendered":"Governo lan\u00e7a novo modelo de cr\u00e9dito imobili\u00e1rio"},"content":{"rendered":"\n<p>O presidente Luiz In\u00e1cio Lula da Silva anunciou, nesta sexta-feira (10), o novo modelo de cr\u00e9dito imobili\u00e1rio do pa\u00eds, que reestrutura o uso da poupan\u00e7a para ampliar a oferta de cr\u00e9dito,&nbsp;especialmente para a classe m\u00e9dia.&nbsp;Lula participou do evento Incorpora 2025, em S\u00e3o Paulo (SP), um dos maiores do setor.  <\/p>\n\n\n\n<p>Ap\u00f3s um per\u00edodo de transi\u00e7\u00e3o, o total dos recursos depositados na caderneta de poupan\u00e7a ser\u00e1 refer\u00eancia para uso no setor habitacional, com o fim dos dep\u00f3sitos compuls\u00f3rios no Banco Central (BC).<\/p>\n\n\n\n<p>Al\u00e9m disso, o valor m\u00e1ximo do im\u00f3vel financiado no Sistema Financeiro da Habita\u00e7\u00e3o (SFH) passar\u00e1 de R$ 1,5 milh\u00e3o para R$ 2,25 milh\u00f5es.<\/p>\n\n\n\n<p>Hoje, fam\u00edlias com renda at\u00e9 R$ 12 mil s\u00e3o atendidas pelo Minha Casa, Minha Vida, com juros menores, e, desde o in\u00edcio do seu terceiro mandato, Lula&nbsp;defende alternativa de financiamento&nbsp;para a classe m\u00e9dia.<\/p>\n\n\n\n<p>A previs\u00e3o \u00e9 que, com essa mudan\u00e7a, a Caixa Econ\u00f4mica Federal&nbsp;financie mais 80 mil novas&nbsp;moradias at\u00e9 2026.<\/p>\n\n\n\n<p>Foto: retirada da reportagem. <\/p>\n\n\n\n<p>Fonte: <a href=\"https:\/\/agenciabrasil.ebc.com.br\/economia\/noticia\/2025-10\/lula-anuncia-novo-modelo-de-credito-imobiliario\" data-type=\"link\" data-id=\"https:\/\/agenciabrasil.ebc.com.br\/economia\/noticia\/2025-10\/lula-anuncia-novo-modelo-de-credito-imobiliario\">Ag\u00eancia Brasil<\/a><\/p>\n","protected":false},"excerpt":{"rendered":"<p>O presidente Luiz In\u00e1cio Lula da Silva anunciou, nesta sexta-feira (10), o novo modelo de cr\u00e9dito imobili\u00e1rio do pa\u00eds, que reestrutura o uso da poupan\u00e7a [&hellip;] <span class=\"read-more-link\"><a class=\"read-more\" href=\"https:\/\/rehabitare.direito.ufmg.br\/?p=4955\">Read More<\/a><\/span><\/p>\n","protected":false},"author":1,"featured_media":4956,"comment_status":"open","ping_status":"open","sticky":false,"template":"","format":"standard","meta":{"footnotes":""},"categories":[7],"tags":[201],"class_list":["post-4955","post","type-post","status-publish","format-standard","has-post-thumbnail","hentry","category-noticias","tag-direito-a-moradia"],"_links":{"self":[{"href":"https:\/\/rehabitare.direito.ufmg.br\/index.php?rest_route=\/wp\/v2\/posts\/4955"}],"collection":[{"href":"https:\/\/rehabitare.direito.ufmg.br\/index.php?rest_route=\/wp\/v2\/posts"}],"about":[{"href":"https:\/\/rehabitare.direito.ufmg.br\/index.php?rest_route=\/wp\/v2\/types\/post"}],"author":[{"embeddable":true,"href":"https:\/\/rehabitare.direito.ufmg.br\/index.php?rest_route=\/wp\/v2\/users\/1"}],"replies":[{"embeddable":true,"href":"https:\/\/rehabitare.direito.ufmg.br\/index.php?rest_route=%2Fwp%2Fv2%2Fcomments&post=4955"}],"version-history":[{"count":3,"href":"https:\/\/rehabitare.direito.ufmg.br\/index.php?rest_route=\/wp\/v2\/posts\/4955\/revisions"}],"predecessor-version":[{"id":4959,"href":"https:\/\/rehabitare.direito.ufmg.br\/index.php?rest_route=\/wp\/v2\/posts\/4955\/revisions\/4959"}],"wp:featuredmedia":[{"embeddable":true,"href":"https:\/\/rehabitare.direito.ufmg.br\/index.php?rest_route=\/wp\/v2\/media\/4956"}],"wp:attachment":[{"href":"https:\/\/rehabitare.direito.ufmg.br\/index.php?rest_route=%2Fwp%2Fv2%2Fmedia&parent=4955"}],"wp:term":[{"taxonomy":"category","embeddable":true,"href":"https:\/\/rehabitare.direito.ufmg.br\/index.php?rest_route=%2Fwp%2Fv2%2Fcategories&post=4955"},{"taxonomy":"post_tag","embeddable":true,"href":"https:\/\/rehabitare.direito.ufmg.br\/index.php?rest_route=%2Fwp%2Fv2%2Ftags&post=4955"}],"curies":[{"name":"wp","href":"https:\/\/api.w.org\/{rel}","templated":true}]}}