{"id":4992,"date":"2025-11-07T20:43:14","date_gmt":"2025-11-07T23:43:14","guid":{"rendered":"https:\/\/rehabitare.direito.ufmg.br\/?p=4992"},"modified":"2025-11-07T20:49:35","modified_gmt":"2025-11-07T23:49:35","slug":"moradores-da-vila-carrapato-no-santa-lucia-pedem-regularizacao-de-suas-casas","status":"publish","type":"post","link":"https:\/\/rehabitare.direito.ufmg.br\/?p=4992","title":{"rendered":"Moradores da Vila Carrapato, no Santa L\u00facia, pedem regulariza\u00e7\u00e3o de suas casas"},"content":{"rendered":"\n<p>\u201cParece que o nosso direito est\u00e1 incomodando. O direito \u00e0 moradia, o direito de ir e vir, o direito do meu filho estar na escola incomodam\u201d. A fala de Poliana Campos, moradora da Vila Carrapato, no Aglomerado Santa L\u00facia,\u00a0ilustra a demanda apresentada pelos habitantes do local na audi\u00eancia p\u00fablica realizada pela Comiss\u00e3o de Direitos Humanos, Habita\u00e7\u00e3o, Igualdade Racial e Defesa do Consumidor nesta ter\u00e7a-feira (4\/11). O encontro buscou\u00a0debater as propostas apresentadas pela Companhia Urbanizadora e de Habita\u00e7\u00e3o de Belo Horizonte (Urbel) para atendimento das fam\u00edlias residentes na ocupa\u00e7\u00e3o. Os moradores da Vila Carrapato n\u00e3o aceitaram o aux\u00edlio-aluguel proposto pela prefeitura, argumentando que o valor de R$ 800 n\u00e3o \u00e9 compat\u00edvel com os alugu\u00e9is praticados atualmente. O diretor da Urbel, Marcelo Guabiroba, afirmou que\u00a0o \u00f3rg\u00e3o aguarda uma contraproposta da Defensoria P\u00fablica com os desejos da popula\u00e7\u00e3o para retomar o di\u00e1logo e tentar um acordo.\u00a0Solicitante\u00a0do debate, Pedro Rousseff (PT) declarou que vai propor na pr\u00f3xima discuss\u00e3o do Plano Diretor, que se inicia em 2026, a remo\u00e7\u00e3o da Vila Carrapato da setoriza\u00e7\u00e3o de \u00c1rea de Preserva\u00e7\u00e3o Permanente para que a regulariza\u00e7\u00e3o se torne uma possibilidade.<\/p>\n\n\n\n<p>Tamb\u00e9m\u00a0conhecida\u00a0como Vila S\u00e3o Bento, a Carrapato \u00e9 uma das quatro vilas que integram o Aglomerado Santa L\u00facia, que possui cerca de 15 mil habitantes.\u00a0Pedro Rousseff destacou que o intuito da audi\u00eancia p\u00fablica foi colocar os moradores do local em contato com a prefeitura para buscar uma solu\u00e7\u00e3o que atenda a popula\u00e7\u00e3o e esteja dentro das possibilidades do Poder Executivo. O parlamentar ainda ressaltou\u00a0o alto valor dos alugu\u00e9is e a necessidade de se olhar com aten\u00e7\u00e3o para as pessoas que est\u00e3o lutando por um direito constitucional.<\/p>\n\n\n\n<p>Moradores da vila afirmaram que\u00a0convivem com o medo de serem despejados\u00a0e que n\u00e3o t\u00eam condi\u00e7\u00f5es de pagarem aluguel para morar em outra regi\u00e3o. Natalino Moreira Gomes, morador da ocupa\u00e7\u00e3o h\u00e1 sete anos, declarou que a popula\u00e7\u00e3o do local luta por moradia digna e que o aux\u00edlio-aluguel n\u00e3o resolve a quest\u00e3o.<\/p>\n\n\n\n<p>Foto: retirada da reportagem.<\/p>\n\n\n\n<p>Fonte: <a href=\"https:\/\/cmbh.mg.gov.br\/comunica%C3%A7%C3%A3o\/not%C3%ADcias\/2025\/11\/moradores-da-vila-carrapato-no-santa-l%C3%BAcia-pedem-regulariza%C3%A7%C3%A3o-de-suas\" data-type=\"link\" data-id=\"https:\/\/cmbh.mg.gov.br\/comunica%C3%A7%C3%A3o\/not%C3%ADcias\/2025\/11\/moradores-da-vila-carrapato-no-santa-l%C3%BAcia-pedem-regulariza%C3%A7%C3%A3o-de-suas\">C\u00e2mara Municipal de Belo Horizonte <\/a><\/p>\n\n\n\n<p><\/p>\n","protected":false},"excerpt":{"rendered":"<p>\u201cParece que o nosso direito est\u00e1 incomodando. O direito \u00e0 moradia, o direito de ir e vir, o direito do meu filho estar na escola [&hellip;] <span class=\"read-more-link\"><a class=\"read-more\" href=\"https:\/\/rehabitare.direito.ufmg.br\/?p=4992\">Read More<\/a><\/span><\/p>\n","protected":false},"author":1,"featured_media":4993,"comment_status":"open","ping_status":"open","sticky":false,"template":"","format":"standard","meta":{"footnotes":""},"categories":[7],"tags":[],"class_list":["post-4992","post","type-post","status-publish","format-standard","has-post-thumbnail","hentry","category-noticias"],"_links":{"self":[{"href":"https:\/\/rehabitare.direito.ufmg.br\/index.php?rest_route=\/wp\/v2\/posts\/4992"}],"collection":[{"href":"https:\/\/rehabitare.direito.ufmg.br\/index.php?rest_route=\/wp\/v2\/posts"}],"about":[{"href":"https:\/\/rehabitare.direito.ufmg.br\/index.php?rest_route=\/wp\/v2\/types\/post"}],"author":[{"embeddable":true,"href":"https:\/\/rehabitare.direito.ufmg.br\/index.php?rest_route=\/wp\/v2\/users\/1"}],"replies":[{"embeddable":true,"href":"https:\/\/rehabitare.direito.ufmg.br\/index.php?rest_route=%2Fwp%2Fv2%2Fcomments&post=4992"}],"version-history":[{"count":1,"href":"https:\/\/rehabitare.direito.ufmg.br\/index.php?rest_route=\/wp\/v2\/posts\/4992\/revisions"}],"predecessor-version":[{"id":4994,"href":"https:\/\/rehabitare.direito.ufmg.br\/index.php?rest_route=\/wp\/v2\/posts\/4992\/revisions\/4994"}],"wp:featuredmedia":[{"embeddable":true,"href":"https:\/\/rehabitare.direito.ufmg.br\/index.php?rest_route=\/wp\/v2\/media\/4993"}],"wp:attachment":[{"href":"https:\/\/rehabitare.direito.ufmg.br\/index.php?rest_route=%2Fwp%2Fv2%2Fmedia&parent=4992"}],"wp:term":[{"taxonomy":"category","embeddable":true,"href":"https:\/\/rehabitare.direito.ufmg.br\/index.php?rest_route=%2Fwp%2Fv2%2Fcategories&post=4992"},{"taxonomy":"post_tag","embeddable":true,"href":"https:\/\/rehabitare.direito.ufmg.br\/index.php?rest_route=%2Fwp%2Fv2%2Ftags&post=4992"}],"curies":[{"name":"wp","href":"https:\/\/api.w.org\/{rel}","templated":true}]}}