{"id":5015,"date":"2025-11-21T18:29:04","date_gmt":"2025-11-21T21:29:04","guid":{"rendered":"https:\/\/rehabitare.direito.ufmg.br\/?p=5015"},"modified":"2025-11-21T18:29:04","modified_gmt":"2025-11-21T21:29:04","slug":"movimentos-sociais-entregam-carta-ao-presidente-da-cop30-reividicando-moradias-integradas-a-natureza","status":"publish","type":"post","link":"https:\/\/rehabitare.direito.ufmg.br\/?p=5015","title":{"rendered":"Movimentos sociais entregam carta ao presidente da COP30 reividicando moradias integradas \u00e0 natureza"},"content":{"rendered":"\n<p>Representantes de mais de mil organiza\u00e7\u00f5es sociais de diversos pa\u00edses do mundo entregaram hoje (16), em Bel\u00e9m, uma carta de reivindica\u00e7\u00f5es \u00e0 presid\u00eancia da COP30, como atividade final da C\u00fapula dos Povos. No documento, os manifestantes pedem combate ao racismo ambiental, programas de moradia e saneamento b\u00e1sico integrados \u00e0 natureza e perman\u00eancia dos moradores das quebradas em seus bairros.<\/p>\n\n\n\n<p>A expectativa \u00e9 que o presidente da COP30, Andr\u00e9 Corr\u00eaa do Lago, que recebeu a carta em m\u00e3os, negocie as demandas com autoridades nas reuni\u00f5es \u00e0 portas fechadas na Zona Azul, durante a \u00faltima semana da Confer\u00eancia das Na\u00e7\u00f5es Unidas.<\/p>\n\n\n\n<p>A entrega foi feita durante um ato p\u00fablico na Universidade Federal do Par\u00e1 (UFPA). Participaram tamb\u00e9m Ana Toni, CEO da COP30; Marina Silva, ministra do Meio Ambiente; Sonia Guajajara, ministra dos Povos Ind\u00edgenas; e Guilherme Boulos, agora ministro da Secretaria Geral da Presid\u00eancia da Rep\u00fablica.<\/p>\n\n\n\n<p>A carta traz 15 propostas principais para superar a crise clim\u00e1tica, com um eixo especial para as periferias.Entre os destaques est\u00e3o o \u201cenfrentamento a falsas solu\u00e7\u00f5es do mercado\u201d e \u201ctransi\u00e7\u00e3o justa, soberana e popular\u201d.<\/p>\n\n\n\n<p>\u201cDemandamos o combate ao racismo ambiental e a constru\u00e7\u00e3o de cidades justas e periferias vivas atrav\u00e9s da implementa\u00e7\u00e3o de pol\u00edticas e solu\u00e7\u00f5es ambientais\u201d, diz o texto. \u201cOs programas de moradia, saneamento, acesso e uso da \u00e1gua, tratamento de res\u00edduos s\u00f3lidos, arboriza\u00e7\u00e3o, e acesso \u00e0 terra e \u00e0 regulariza\u00e7\u00e3o fundi\u00e1ria, devem considerar a integra\u00e7\u00e3o com a natureza\u201d.<\/p>\n\n\n\n<p>Foto: retirada da reportagem.<\/p>\n\n\n\n<p>Fonte: <a href=\"https:\/\/agenciamural.org.br\/movimento-sociais-entregam-carta-ao-presidente-da-cop30-reivindicando-moradia-integradas-a-natureza\/\" data-type=\"link\" data-id=\"https:\/\/agenciamural.org.br\/movimento-sociais-entregam-carta-ao-presidente-da-cop30-reivindicando-moradia-integradas-a-natureza\/\">Ag\u00eancia Mural<\/a><\/p>\n","protected":false},"excerpt":{"rendered":"<p>Representantes de mais de mil organiza\u00e7\u00f5es sociais de diversos pa\u00edses do mundo entregaram hoje (16), em Bel\u00e9m, uma carta de reivindica\u00e7\u00f5es \u00e0 presid\u00eancia da COP30, [&hellip;] <span class=\"read-more-link\"><a class=\"read-more\" href=\"https:\/\/rehabitare.direito.ufmg.br\/?p=5015\">Read More<\/a><\/span><\/p>\n","protected":false},"author":1,"featured_media":5016,"comment_status":"open","ping_status":"open","sticky":false,"template":"","format":"standard","meta":{"footnotes":""},"categories":[7],"tags":[],"class_list":["post-5015","post","type-post","status-publish","format-standard","has-post-thumbnail","hentry","category-noticias"],"_links":{"self":[{"href":"https:\/\/rehabitare.direito.ufmg.br\/index.php?rest_route=\/wp\/v2\/posts\/5015"}],"collection":[{"href":"https:\/\/rehabitare.direito.ufmg.br\/index.php?rest_route=\/wp\/v2\/posts"}],"about":[{"href":"https:\/\/rehabitare.direito.ufmg.br\/index.php?rest_route=\/wp\/v2\/types\/post"}],"author":[{"embeddable":true,"href":"https:\/\/rehabitare.direito.ufmg.br\/index.php?rest_route=\/wp\/v2\/users\/1"}],"replies":[{"embeddable":true,"href":"https:\/\/rehabitare.direito.ufmg.br\/index.php?rest_route=%2Fwp%2Fv2%2Fcomments&post=5015"}],"version-history":[{"count":1,"href":"https:\/\/rehabitare.direito.ufmg.br\/index.php?rest_route=\/wp\/v2\/posts\/5015\/revisions"}],"predecessor-version":[{"id":5017,"href":"https:\/\/rehabitare.direito.ufmg.br\/index.php?rest_route=\/wp\/v2\/posts\/5015\/revisions\/5017"}],"wp:featuredmedia":[{"embeddable":true,"href":"https:\/\/rehabitare.direito.ufmg.br\/index.php?rest_route=\/wp\/v2\/media\/5016"}],"wp:attachment":[{"href":"https:\/\/rehabitare.direito.ufmg.br\/index.php?rest_route=%2Fwp%2Fv2%2Fmedia&parent=5015"}],"wp:term":[{"taxonomy":"category","embeddable":true,"href":"https:\/\/rehabitare.direito.ufmg.br\/index.php?rest_route=%2Fwp%2Fv2%2Fcategories&post=5015"},{"taxonomy":"post_tag","embeddable":true,"href":"https:\/\/rehabitare.direito.ufmg.br\/index.php?rest_route=%2Fwp%2Fv2%2Ftags&post=5015"}],"curies":[{"name":"wp","href":"https:\/\/api.w.org\/{rel}","templated":true}]}}