{"id":5025,"date":"2025-11-28T22:34:15","date_gmt":"2025-11-29T01:34:15","guid":{"rendered":"https:\/\/rehabitare.direito.ufmg.br\/?p=5025"},"modified":"2025-12-01T19:24:19","modified_gmt":"2025-12-01T22:24:19","slug":"obras-da-linha-2-do-metro-danificam-moradias-e-aumentam-risco-de-acidentes","status":"publish","type":"post","link":"https:\/\/rehabitare.direito.ufmg.br\/?p=5025","title":{"rendered":"Obras da Linha 2 do metr\u00f4 danificam moradias e aumentam risco de acidentes"},"content":{"rendered":"\n<p>H\u00e1 20 anos convivendo com os perigos de morar ao lado de uma linha f\u00e9rrea, Poliane Cristina Furtado nunca teve motivos para ficar t\u00e3o preocupada. A cada chuva, sua cozinha se enche de lama que se infiltra da parede e do piso. Depois de chamar a Defesa Civil, os motivos de alarme aumentaram, pois foi advertida de que a parede de sua cozinha pode romper. O problema, segundo ela, come\u00e7ou depois que casas vizinhas foram demolidas para viabilizar a obra da Linha 2 do metr\u00f4 de Belo Horizonte.<\/p>\n\n\n\n<p>A casa de Poliane Furtado foi uma das visitadas nesta segunda-feira (24\/11\/25) pela deputada Bella Gon\u00e7alves (Psol), presidenta da Comiss\u00e3o de Direitos Humanos da Assembleia Legislativa de Minas Gerais (ALMG). O objetivo foi verificar os impactos das obras para alguns moradores de casas vizinhas, nos Bairros Nova Gameleira e Nova Cintra. A Linha 2 est\u00e1 sendo constru\u00edda ao lado da linha f\u00e9rrea utilizada pela MRS e VLI, grandes empresas de log\u00edstica.<\/p>\n\n\n\n<p>A cozinha cheia de barro e a parede que amea\u00e7a desabar n\u00e3o s\u00e3o os primeiros problemas que as obras do metr\u00f4 causaram para Poliane Furtado. H\u00e1 quatro meses, ela vivia em outra casa, no mesmo bairro, que foi desapropriada para a constru\u00e7\u00e3o da Linha 2.<\/p>\n\n\n\n<p>  Com o dinheiro da indeniza\u00e7\u00e3o, ela comprou a casa atual, uma vez que a Metr\u00f4 BH, empresa respons\u00e1vel pelo projeto, lhe garantiu que a moradia n\u00e3o seria afetada. De fato, sua casa atual continua de p\u00e9, mas a demoli\u00e7\u00e3o das resid\u00eancias que ficam logo acima, h\u00e1 tr\u00eas semanas, abriu caminho para a infiltra\u00e7\u00e3o da \u00e1gua e da lama, que amea\u00e7am expuls\u00e1-la para a rua, pela segunda vez.<\/p>\n\n\n\n<p>Outras 16 fam\u00edlias vizinhas nem indeniza\u00e7\u00e3o conseguiram.<\/p>\n\n\n\n<p>Foto: retirada da reportagem. <\/p>\n\n\n\n<p>Fonte: <a href=\"https:\/\/www.almg.gov.br\/comunicacao\/noticias\/arquivos\/Obras-da-linha-2-do-metro-provocam-danos-a-moradias-e-risco-de-acidentes\/\" data-type=\"link\" data-id=\"https:\/\/www.almg.gov.br\/comunicacao\/noticias\/arquivos\/Obras-da-linha-2-do-metro-provocam-danos-a-moradias-e-risco-de-acidentes\/\">Assembleia Legislativa de Minas Gerais <\/a><\/p>\n","protected":false},"excerpt":{"rendered":"<p>H\u00e1 20 anos convivendo com os perigos de morar ao lado de uma linha f\u00e9rrea, Poliane Cristina Furtado nunca teve motivos para ficar t\u00e3o preocupada. [&hellip;] <span class=\"read-more-link\"><a class=\"read-more\" href=\"https:\/\/rehabitare.direito.ufmg.br\/?p=5025\">Read More<\/a><\/span><\/p>\n","protected":false},"author":1,"featured_media":5026,"comment_status":"open","ping_status":"open","sticky":false,"template":"","format":"standard","meta":{"footnotes":""},"categories":[7],"tags":[],"class_list":["post-5025","post","type-post","status-publish","format-standard","has-post-thumbnail","hentry","category-noticias"],"_links":{"self":[{"href":"https:\/\/rehabitare.direito.ufmg.br\/index.php?rest_route=\/wp\/v2\/posts\/5025"}],"collection":[{"href":"https:\/\/rehabitare.direito.ufmg.br\/index.php?rest_route=\/wp\/v2\/posts"}],"about":[{"href":"https:\/\/rehabitare.direito.ufmg.br\/index.php?rest_route=\/wp\/v2\/types\/post"}],"author":[{"embeddable":true,"href":"https:\/\/rehabitare.direito.ufmg.br\/index.php?rest_route=\/wp\/v2\/users\/1"}],"replies":[{"embeddable":true,"href":"https:\/\/rehabitare.direito.ufmg.br\/index.php?rest_route=%2Fwp%2Fv2%2Fcomments&post=5025"}],"version-history":[{"count":1,"href":"https:\/\/rehabitare.direito.ufmg.br\/index.php?rest_route=\/wp\/v2\/posts\/5025\/revisions"}],"predecessor-version":[{"id":5027,"href":"https:\/\/rehabitare.direito.ufmg.br\/index.php?rest_route=\/wp\/v2\/posts\/5025\/revisions\/5027"}],"wp:featuredmedia":[{"embeddable":true,"href":"https:\/\/rehabitare.direito.ufmg.br\/index.php?rest_route=\/wp\/v2\/media\/5026"}],"wp:attachment":[{"href":"https:\/\/rehabitare.direito.ufmg.br\/index.php?rest_route=%2Fwp%2Fv2%2Fmedia&parent=5025"}],"wp:term":[{"taxonomy":"category","embeddable":true,"href":"https:\/\/rehabitare.direito.ufmg.br\/index.php?rest_route=%2Fwp%2Fv2%2Fcategories&post=5025"},{"taxonomy":"post_tag","embeddable":true,"href":"https:\/\/rehabitare.direito.ufmg.br\/index.php?rest_route=%2Fwp%2Fv2%2Ftags&post=5025"}],"curies":[{"name":"wp","href":"https:\/\/api.w.org\/{rel}","templated":true}]}}