{"id":5148,"date":"2026-03-11T16:22:28","date_gmt":"2026-03-11T19:22:28","guid":{"rendered":"https:\/\/rehabitare.direito.ufmg.br\/?p=5148"},"modified":"2026-03-11T16:22:29","modified_gmt":"2026-03-11T19:22:29","slug":"mpmg-recomenda-que-imobiliarias-nao-aumentem-alugueis-em-juiz-de-fora-durante-estado-de-calamidade","status":"publish","type":"post","link":"https:\/\/rehabitare.direito.ufmg.br\/?p=5148","title":{"rendered":"MPMG recomenda que imobili\u00e1rias n\u00e3o aumentem alugu\u00e9is em Juiz de Fora durante estado de calamidade"},"content":{"rendered":"\n<p>Durante a&nbsp;<a class=\"\" href=\"https:\/\/g1.globo.com\/mg\/zona-da-mata\/cidade\/juiz-de-fora\/https:\/\/g1.globo.com\/mg\/zona-da-mata\/noticia\/2026\/03\/01\/corpo-de-ultimo-desaparecido-e-encontrado-em-juiz-de-fora-e-buscas-sao-finalizadas-com-65-mortos-pela-chuva.ghtml\">trag\u00e9dia das chuvas em Juiz de Fora<\/a>, que deixou&nbsp;<strong>65 mortos<\/strong>&nbsp;e&nbsp;<strong>milhares de desalojados e desabrigados<\/strong>, muitas pessoas t\u00eam procurado im\u00f3veis para alugar na cidade.<\/p>\n\n\n\n<p>Diante da situa\u00e7\u00e3o, o Minist\u00e9rio P\u00fablico de Minas Gerais (MPMG) fez uma recomenda\u00e7\u00e3o direta \u00e0s imobili\u00e1rias e ao Sindicom\u00e9rcio para que&nbsp;suspendam qualquer reajuste de aluguel&nbsp;sem justificativa t\u00e9cnica.<\/p>\n\n\n\n<p>A decis\u00e3o da Promotoria de Justi\u00e7a de Defesa do Consumidor foi tomada&nbsp;ap\u00f3s den\u00fancias de que propriet\u00e1rios e imobili\u00e1rias aumentaram de forma dr\u00e1stica&nbsp;os pre\u00e7os dos alugu\u00e9is, aproveitando-se da alta demanda.<\/p>\n\n\n\n<p>Segundo o MPMG, a&nbsp;<strong>recomenda\u00e7\u00e3o vale por 180 dias<\/strong>, per\u00edodo em que est\u00e1 em vigor o decreto de calamidade.<\/p>\n\n\n\n<p>O \u00f3rg\u00e3o acompanhar\u00e1 o setor de perto e poder\u00e1 adotar medidas judiciais e administrativas contra quem descumprir a recomenda\u00e7\u00e3o.<\/p>\n\n\n\n<h2 class=\"wp-block-heading\">\ud83d\udcb2 Como denunciar pre\u00e7os abusivos?<\/h2>\n\n\n\n<p>Caso perceba uma pr\u00e1tica abusiva, \u00e9 poss\u00edvel acionar os \u00f3rg\u00e3os de defesa:<\/p>\n\n\n\n<ul class=\"wp-block-list\">\n<li><strong>MPMG (Procuradoria de Justi\u00e7a de\u00a0<\/strong><a class=\"\" href=\"https:\/\/g1.globo.com\/mg\/zona-da-mata\/cidade\/juiz-de-fora\/\">Juiz de Fora<\/a><strong>):<\/strong>\u00a0por meio da Ouvidoria do Minist\u00e9rio P\u00fablico ou diretamente na Promotoria do Consumidor.<\/li>\n\n\n\n<li><strong>Procon Juiz de Fora:\u00a0<\/strong>para registrar reclama\u00e7\u00f5es administrativas contra a imobili\u00e1ria.<\/li>\n\n\n\n<li><strong>Sindicom\u00e9rcio:\u00a0<\/strong>o sindicato local tamb\u00e9m foi notificado para orientar seus filiados sobre as boas pr\u00e1ticas durante a crise.<\/li>\n<\/ul>\n\n\n\n<p>Foto: retirada da reportagem.<\/p>\n\n\n\n<p>Fonte: <a href=\"https:\/\/g1.globo.com\/mg\/zona-da-mata\/noticia\/2026\/03\/05\/mpmg-recomenda-que-imobiliarias-nao-aumentem-alugueis-em-juiz-de-fora-durante-estado-de-calamidade.ghtml\" data-type=\"link\" data-id=\"https:\/\/g1.globo.com\/mg\/zona-da-mata\/noticia\/2026\/03\/05\/mpmg-recomenda-que-imobiliarias-nao-aumentem-alugueis-em-juiz-de-fora-durante-estado-de-calamidade.ghtml\">G1<\/a><\/p>\n","protected":false},"excerpt":{"rendered":"<p>Durante a&nbsp;trag\u00e9dia das chuvas em Juiz de Fora, que deixou&nbsp;65 mortos&nbsp;e&nbsp;milhares de desalojados e desabrigados, muitas pessoas t\u00eam procurado im\u00f3veis para alugar na cidade. Diante [&hellip;] <span class=\"read-more-link\"><a class=\"read-more\" href=\"https:\/\/rehabitare.direito.ufmg.br\/?p=5148\">Read More<\/a><\/span><\/p>\n","protected":false},"author":1,"featured_media":5149,"comment_status":"open","ping_status":"open","sticky":false,"template":"","format":"standard","meta":{"footnotes":""},"categories":[7,1],"tags":[],"class_list":["post-5148","post","type-post","status-publish","format-standard","has-post-thumbnail","hentry","category-noticias","category-sem-categoria"],"_links":{"self":[{"href":"https:\/\/rehabitare.direito.ufmg.br\/index.php?rest_route=\/wp\/v2\/posts\/5148"}],"collection":[{"href":"https:\/\/rehabitare.direito.ufmg.br\/index.php?rest_route=\/wp\/v2\/posts"}],"about":[{"href":"https:\/\/rehabitare.direito.ufmg.br\/index.php?rest_route=\/wp\/v2\/types\/post"}],"author":[{"embeddable":true,"href":"https:\/\/rehabitare.direito.ufmg.br\/index.php?rest_route=\/wp\/v2\/users\/1"}],"replies":[{"embeddable":true,"href":"https:\/\/rehabitare.direito.ufmg.br\/index.php?rest_route=%2Fwp%2Fv2%2Fcomments&post=5148"}],"version-history":[{"count":1,"href":"https:\/\/rehabitare.direito.ufmg.br\/index.php?rest_route=\/wp\/v2\/posts\/5148\/revisions"}],"predecessor-version":[{"id":5150,"href":"https:\/\/rehabitare.direito.ufmg.br\/index.php?rest_route=\/wp\/v2\/posts\/5148\/revisions\/5150"}],"wp:featuredmedia":[{"embeddable":true,"href":"https:\/\/rehabitare.direito.ufmg.br\/index.php?rest_route=\/wp\/v2\/media\/5149"}],"wp:attachment":[{"href":"https:\/\/rehabitare.direito.ufmg.br\/index.php?rest_route=%2Fwp%2Fv2%2Fmedia&parent=5148"}],"wp:term":[{"taxonomy":"category","embeddable":true,"href":"https:\/\/rehabitare.direito.ufmg.br\/index.php?rest_route=%2Fwp%2Fv2%2Fcategories&post=5148"},{"taxonomy":"post_tag","embeddable":true,"href":"https:\/\/rehabitare.direito.ufmg.br\/index.php?rest_route=%2Fwp%2Fv2%2Ftags&post=5148"}],"curies":[{"name":"wp","href":"https:\/\/api.w.org\/{rel}","templated":true}]}}