{"id":835,"date":"2018-03-22T16:46:01","date_gmt":"2018-03-22T19:46:01","guid":{"rendered":"http:\/\/rehabitare.direito.ufmg.br\/?p=835"},"modified":"2018-03-22T16:46:01","modified_gmt":"2018-03-22T19:46:01","slug":"meu-quintal-e-o-anel","status":"publish","type":"post","link":"https:\/\/rehabitare.direito.ufmg.br\/?p=835","title":{"rendered":"Meu quintal \u00e9 o Anel"},"content":{"rendered":"<p style=\"text-align: justify;\">&#8220;Mais de 1.400 fam\u00edlias moram na faixa de dom\u00ednio do Anel Rodovi\u00e1rio de Belo Horizonte. S\u00e3o cerca de 30 vilas e favelas nos 27,5 km de extens\u00e3o da via. Mesmo vivendo \u00e0 margem de direitos b\u00e1sicos, essas pessoas t\u00eam uma capacidade imensa de reinventar o morar e criar v\u00ednculos comunit\u00e1rios. Transformam a rodovia em horta, lavanderia, barbearia, \u00e1rea de lazer, etc. O processo de remo\u00e7\u00e3o e reassentamento j\u00e1 se arrasta por mais de 15 anos e n\u00e3o tem previs\u00e3o de conclus\u00e3o. A demora, al\u00e9m de impedir os moradores de ter uma vida digna, atrasa obras de revitaliza\u00e7\u00e3o do Anel e de duplica\u00e7\u00e3o da BR\u2013381, o que prejudica o transporte e o desenvolvimento social e econ\u00f4mico de regi\u00f5es do Estado e do Brasil.&#8221;<br \/>\nTextos: Luciene C\u00e2mara; Fotos e v\u00eddeos: Mois\u00e9s Silva<\/p>\n<p style=\"text-align: justify;\">Por <a href=\"http:\/\/www.otempo.com.br\/hotsites\/meu-quintal-%C3%A9-o-anel\" target=\"_blank\" rel=\"noopener\">O Tempo, BH-MG.<\/a><\/p>\n","protected":false},"excerpt":{"rendered":"<p>&#8220;Mais de 1.400 fam\u00edlias moram na faixa de dom\u00ednio do Anel Rodovi\u00e1rio de Belo Horizonte. S\u00e3o cerca de 30 vilas e favelas nos 27,5 km [&hellip;] <span class=\"read-more-link\"><a class=\"read-more\" href=\"https:\/\/rehabitare.direito.ufmg.br\/?p=835\">Read More<\/a><\/span><\/p>\n","protected":false},"author":1,"featured_media":836,"comment_status":"open","ping_status":"open","sticky":false,"template":"","format":"standard","meta":{"footnotes":""},"categories":[7],"tags":[],"class_list":["post-835","post","type-post","status-publish","format-standard","has-post-thumbnail","hentry","category-noticias"],"_links":{"self":[{"href":"https:\/\/rehabitare.direito.ufmg.br\/index.php?rest_route=\/wp\/v2\/posts\/835"}],"collection":[{"href":"https:\/\/rehabitare.direito.ufmg.br\/index.php?rest_route=\/wp\/v2\/posts"}],"about":[{"href":"https:\/\/rehabitare.direito.ufmg.br\/index.php?rest_route=\/wp\/v2\/types\/post"}],"author":[{"embeddable":true,"href":"https:\/\/rehabitare.direito.ufmg.br\/index.php?rest_route=\/wp\/v2\/users\/1"}],"replies":[{"embeddable":true,"href":"https:\/\/rehabitare.direito.ufmg.br\/index.php?rest_route=%2Fwp%2Fv2%2Fcomments&post=835"}],"version-history":[{"count":1,"href":"https:\/\/rehabitare.direito.ufmg.br\/index.php?rest_route=\/wp\/v2\/posts\/835\/revisions"}],"predecessor-version":[{"id":837,"href":"https:\/\/rehabitare.direito.ufmg.br\/index.php?rest_route=\/wp\/v2\/posts\/835\/revisions\/837"}],"wp:featuredmedia":[{"embeddable":true,"href":"https:\/\/rehabitare.direito.ufmg.br\/index.php?rest_route=\/wp\/v2\/media\/836"}],"wp:attachment":[{"href":"https:\/\/rehabitare.direito.ufmg.br\/index.php?rest_route=%2Fwp%2Fv2%2Fmedia&parent=835"}],"wp:term":[{"taxonomy":"category","embeddable":true,"href":"https:\/\/rehabitare.direito.ufmg.br\/index.php?rest_route=%2Fwp%2Fv2%2Fcategories&post=835"},{"taxonomy":"post_tag","embeddable":true,"href":"https:\/\/rehabitare.direito.ufmg.br\/index.php?rest_route=%2Fwp%2Fv2%2Ftags&post=835"}],"curies":[{"name":"wp","href":"https:\/\/api.w.org\/{rel}","templated":true}]}}