{"id":905,"date":"2017-06-11T12:10:13","date_gmt":"2017-06-11T15:10:13","guid":{"rendered":"http:\/\/rehabitare.direito.ufmg.br\/?p=905"},"modified":"2018-03-26T12:12:27","modified_gmt":"2018-03-26T15:12:27","slug":"quilombos-resistem","status":"publish","type":"post","link":"https:\/\/rehabitare.direito.ufmg.br\/?p=905","title":{"rendered":"QUILOMBOS RESISTEM"},"content":{"rendered":"<p style=\"text-align: justify;\">\u201cN\u00e3o consigo viver numa cidade. N\u00e3o estou preparado. Se tivesse de ir, viveria como aquele pessoal enrolado com coberta na cal\u00e7ada ou disputando lugar embaixo de um viaduto. Isso para mim n\u00e3o \u00e9 vida. Vivo bem no quilombo. Aqui sou\u00a0sou uma andorinha voando livre.\u201d<\/p>\n<p>Por <a href=\"https:\/\/tab.uol.com.br\/quilombos\/#tematico-1\" target=\"_blank\" rel=\"noopener\">UOL.<\/a><\/p>\n","protected":false},"excerpt":{"rendered":"<p>\u201cN\u00e3o consigo viver numa cidade. N\u00e3o estou preparado. Se tivesse de ir, viveria como aquele pessoal enrolado com coberta na cal\u00e7ada ou disputando lugar embaixo [&hellip;] <span class=\"read-more-link\"><a class=\"read-more\" href=\"https:\/\/rehabitare.direito.ufmg.br\/?p=905\">Read More<\/a><\/span><\/p>\n","protected":false},"author":1,"featured_media":0,"comment_status":"open","ping_status":"open","sticky":false,"template":"","format":"standard","meta":{"footnotes":""},"categories":[7],"tags":[],"class_list":["post-905","post","type-post","status-publish","format-standard","hentry","category-noticias"],"_links":{"self":[{"href":"https:\/\/rehabitare.direito.ufmg.br\/index.php?rest_route=\/wp\/v2\/posts\/905"}],"collection":[{"href":"https:\/\/rehabitare.direito.ufmg.br\/index.php?rest_route=\/wp\/v2\/posts"}],"about":[{"href":"https:\/\/rehabitare.direito.ufmg.br\/index.php?rest_route=\/wp\/v2\/types\/post"}],"author":[{"embeddable":true,"href":"https:\/\/rehabitare.direito.ufmg.br\/index.php?rest_route=\/wp\/v2\/users\/1"}],"replies":[{"embeddable":true,"href":"https:\/\/rehabitare.direito.ufmg.br\/index.php?rest_route=%2Fwp%2Fv2%2Fcomments&post=905"}],"version-history":[{"count":1,"href":"https:\/\/rehabitare.direito.ufmg.br\/index.php?rest_route=\/wp\/v2\/posts\/905\/revisions"}],"predecessor-version":[{"id":906,"href":"https:\/\/rehabitare.direito.ufmg.br\/index.php?rest_route=\/wp\/v2\/posts\/905\/revisions\/906"}],"wp:attachment":[{"href":"https:\/\/rehabitare.direito.ufmg.br\/index.php?rest_route=%2Fwp%2Fv2%2Fmedia&parent=905"}],"wp:term":[{"taxonomy":"category","embeddable":true,"href":"https:\/\/rehabitare.direito.ufmg.br\/index.php?rest_route=%2Fwp%2Fv2%2Fcategories&post=905"},{"taxonomy":"post_tag","embeddable":true,"href":"https:\/\/rehabitare.direito.ufmg.br\/index.php?rest_route=%2Fwp%2Fv2%2Ftags&post=905"}],"curies":[{"name":"wp","href":"https:\/\/api.w.org\/{rel}","templated":true}]}}