{"id":913,"date":"2017-05-10T12:19:18","date_gmt":"2017-05-10T15:19:18","guid":{"rendered":"http:\/\/rehabitare.direito.ufmg.br\/?p=913"},"modified":"2018-03-26T12:20:25","modified_gmt":"2018-03-26T15:20:25","slug":"empreendimento-comercial-e-obras-viarias-ameacam-dignidade-de-moradores","status":"publish","type":"post","link":"https:\/\/rehabitare.direito.ufmg.br\/?p=913","title":{"rendered":"Empreendimento comercial e obras vi\u00e1rias amea\u00e7am dignidade de moradores"},"content":{"rendered":"<p style=\"text-align: justify;\">Cerca de 30 fam\u00edlias que permanecem na Vila Arthur de S\u00e1, sem acordo justo para indeniza\u00e7\u00e3o dos im\u00f3veis, convivem com entulhos, sujeira e um clima de grande instabilidade deixados pelo poder p\u00fablico. A situa\u00e7\u00e3o foi constatada em visita t\u00e9cnica da Comiss\u00e3o de Direitos Humanos e Defesa do Consumidor, na manh\u00e3 desta quarta-feira (10\/5). Instalada h\u00e1 mais de 30 anos nos limites do Minas Shopping, no Bairro Uni\u00e3o (Regional Nordeste), a vila ocupa um terreno de propriedade do governo federal, que est\u00e1 sendo disputado para implanta\u00e7\u00e3o de uma das al\u00e7as da Via 710. Ser\u00e1 solicitada a interven\u00e7\u00e3o imediata da prefeitura para limpeza e recupera\u00e7\u00e3o do espa\u00e7o.<\/p>\n<p>Por <a href=\"https:\/\/www.cmbh.mg.gov.br\/comunica%C3%A7%C3%A3o\/not%C3%ADcias\/2017\/05\/empreendimento-comercial-e-obras-vi%C3%A1rias-amea%C3%A7am-dignidade-de-moradores\" target=\"_blank\" rel=\"noopener\">CMBH.<\/a><\/p>\n","protected":false},"excerpt":{"rendered":"<p>Cerca de 30 fam\u00edlias que permanecem na Vila Arthur de S\u00e1, sem acordo justo para indeniza\u00e7\u00e3o dos im\u00f3veis, convivem com entulhos, sujeira e um clima [&hellip;] <span class=\"read-more-link\"><a class=\"read-more\" href=\"https:\/\/rehabitare.direito.ufmg.br\/?p=913\">Read More<\/a><\/span><\/p>\n","protected":false},"author":1,"featured_media":0,"comment_status":"open","ping_status":"open","sticky":false,"template":"","format":"standard","meta":{"footnotes":""},"categories":[7],"tags":[],"class_list":["post-913","post","type-post","status-publish","format-standard","hentry","category-noticias"],"_links":{"self":[{"href":"https:\/\/rehabitare.direito.ufmg.br\/index.php?rest_route=\/wp\/v2\/posts\/913"}],"collection":[{"href":"https:\/\/rehabitare.direito.ufmg.br\/index.php?rest_route=\/wp\/v2\/posts"}],"about":[{"href":"https:\/\/rehabitare.direito.ufmg.br\/index.php?rest_route=\/wp\/v2\/types\/post"}],"author":[{"embeddable":true,"href":"https:\/\/rehabitare.direito.ufmg.br\/index.php?rest_route=\/wp\/v2\/users\/1"}],"replies":[{"embeddable":true,"href":"https:\/\/rehabitare.direito.ufmg.br\/index.php?rest_route=%2Fwp%2Fv2%2Fcomments&post=913"}],"version-history":[{"count":1,"href":"https:\/\/rehabitare.direito.ufmg.br\/index.php?rest_route=\/wp\/v2\/posts\/913\/revisions"}],"predecessor-version":[{"id":914,"href":"https:\/\/rehabitare.direito.ufmg.br\/index.php?rest_route=\/wp\/v2\/posts\/913\/revisions\/914"}],"wp:attachment":[{"href":"https:\/\/rehabitare.direito.ufmg.br\/index.php?rest_route=%2Fwp%2Fv2%2Fmedia&parent=913"}],"wp:term":[{"taxonomy":"category","embeddable":true,"href":"https:\/\/rehabitare.direito.ufmg.br\/index.php?rest_route=%2Fwp%2Fv2%2Fcategories&post=913"},{"taxonomy":"post_tag","embeddable":true,"href":"https:\/\/rehabitare.direito.ufmg.br\/index.php?rest_route=%2Fwp%2Fv2%2Ftags&post=913"}],"curies":[{"name":"wp","href":"https:\/\/api.w.org\/{rel}","templated":true}]}}