{"id":917,"date":"2017-03-03T12:25:39","date_gmt":"2017-03-03T15:25:39","guid":{"rendered":"http:\/\/rehabitare.direito.ufmg.br\/?p=917"},"modified":"2018-03-26T12:26:57","modified_gmt":"2018-03-26T15:26:57","slug":"o-falso-dilema-dos-parques-segundo-doria-e-o-caso-do-central-park","status":"publish","type":"post","link":"https:\/\/rehabitare.direito.ufmg.br\/?p=917","title":{"rendered":"O falso dilema dos parques segundo Doria e o caso do Central Park"},"content":{"rendered":"<p style=\"text-align: justify;\">No ano passado, logo ap\u00f3s ser eleito, o ainda n\u00e3o empossado prefeito de S\u00e3o Paulo, Jo\u00e3o Doria Jr., apresentou uma lista de 15 parques-modelo para serem concedidos \u00e0 iniciativa privada. Pouco depois<a href=\"http:\/\/sao-paulo.estadao.com.br\/noticias\/geral,doria-estuda-importar-modelo-do-central-park-para-o-ibirapuera,10000087170\">, o prefeito afirmou que estudava importar o modelo de gest\u00e3o do Central Park<\/a>, gigantesca \u00e1rea verde na cidade de Nova York, para o Parque do Ibirapuera, na zona sul da capital paulista. Diante do argumento de que a prefeitura seria incapaz de arcar com os custos de manuten\u00e7\u00e3o dos 109 parques da cidade, sobram propostas de concess\u00e3o, parcerias p\u00fablico-privadas e privatiza\u00e7\u00f5es. A agenda \u00e9 t\u00e3o priorit\u00e1ria para a nova gest\u00e3o que envolveu a cria\u00e7\u00e3o de uma pasta exclusiva para isso, a Secretaria de Desestatiza\u00e7\u00e3o e Parcerias.<\/p>\n<p>Por <a href=\"https:\/\/observasp.wordpress.com\/2017\/03\/03\/o-falso-dilema-dos-parques-segundo-doria-e-o-caso-do-central-park\/\" target=\"_blank\" rel=\"noopener\">ObservaSP<\/a><\/p>\n","protected":false},"excerpt":{"rendered":"<p>No ano passado, logo ap\u00f3s ser eleito, o ainda n\u00e3o empossado prefeito de S\u00e3o Paulo, Jo\u00e3o Doria Jr., apresentou uma lista de 15 parques-modelo para [&hellip;] <span class=\"read-more-link\"><a class=\"read-more\" href=\"https:\/\/rehabitare.direito.ufmg.br\/?p=917\">Read More<\/a><\/span><\/p>\n","protected":false},"author":1,"featured_media":0,"comment_status":"open","ping_status":"open","sticky":false,"template":"","format":"standard","meta":{"footnotes":""},"categories":[7],"tags":[],"class_list":["post-917","post","type-post","status-publish","format-standard","hentry","category-noticias"],"_links":{"self":[{"href":"https:\/\/rehabitare.direito.ufmg.br\/index.php?rest_route=\/wp\/v2\/posts\/917"}],"collection":[{"href":"https:\/\/rehabitare.direito.ufmg.br\/index.php?rest_route=\/wp\/v2\/posts"}],"about":[{"href":"https:\/\/rehabitare.direito.ufmg.br\/index.php?rest_route=\/wp\/v2\/types\/post"}],"author":[{"embeddable":true,"href":"https:\/\/rehabitare.direito.ufmg.br\/index.php?rest_route=\/wp\/v2\/users\/1"}],"replies":[{"embeddable":true,"href":"https:\/\/rehabitare.direito.ufmg.br\/index.php?rest_route=%2Fwp%2Fv2%2Fcomments&post=917"}],"version-history":[{"count":1,"href":"https:\/\/rehabitare.direito.ufmg.br\/index.php?rest_route=\/wp\/v2\/posts\/917\/revisions"}],"predecessor-version":[{"id":918,"href":"https:\/\/rehabitare.direito.ufmg.br\/index.php?rest_route=\/wp\/v2\/posts\/917\/revisions\/918"}],"wp:attachment":[{"href":"https:\/\/rehabitare.direito.ufmg.br\/index.php?rest_route=%2Fwp%2Fv2%2Fmedia&parent=917"}],"wp:term":[{"taxonomy":"category","embeddable":true,"href":"https:\/\/rehabitare.direito.ufmg.br\/index.php?rest_route=%2Fwp%2Fv2%2Fcategories&post=917"},{"taxonomy":"post_tag","embeddable":true,"href":"https:\/\/rehabitare.direito.ufmg.br\/index.php?rest_route=%2Fwp%2Fv2%2Ftags&post=917"}],"curies":[{"name":"wp","href":"https:\/\/api.w.org\/{rel}","templated":true}]}}